{"id":128,"date":"2017-03-01T19:37:59","date_gmt":"2017-03-01T19:37:59","guid":{"rendered":"http:\/\/www.istec.org\/blog-miembros\/?p=128"},"modified":"2023-05-24T15:01:26","modified_gmt":"2023-05-24T15:01:26","slug":"se-celebrara-en-cozumel-la-decima-conferencia-internacional-del-caribe-sobre-dispositivos-circuitos-y-sistemas-en-homenaje-a-eugeni-garcia","status":"publish","type":"post","link":"https:\/\/www.istec.org\/blog-miembros\/2017\/03\/01\/se-celebrara-en-cozumel-la-decima-conferencia-internacional-del-caribe-sobre-dispositivos-circuitos-y-sistemas-en-homenaje-a-eugeni-garcia\/","title":{"rendered":"Se celebrar\u00e1 en Cozumel la D\u00e9cima Conferencia Internacional del Caribe sobre Dispositivos, Circuitos y Sistemas, en homenaje a Eugeni Garc\u00eda"},"content":{"rendered":"<p>Del 5 al 7 de junio de 2017 se realizar\u00e1 <a href=\"http:\/\/www-elec.inaoep.mx\/iccdcs2017\/\"><strong>ICCDCS 2017<\/strong><\/a>, la d\u00e9cima edici\u00f3n de la Conferencia Internacional del Caribe sobre Dispositivos, Circuitos y Sistemas, este a\u00f1o dedicada a la memoria de Eugeni Garc\u00eda, Ph.D., un gran contribuyente a la humanidad en el campo de la electr\u00f3nica. Debido a m\u00faltiples solicitudes, <strong>se extiende hasta el viernes 14 de abril de 2017<\/strong> la fecha l\u00edmite para presentar propuestas de art\u00edculos para la conferencia (<a href=\"http:\/\/www.istec.org\/blog-miembros\/wp-content\/uploads\/sites\/9\/2017\/03\/ICCDCS2017-CFP.pdf\">acceder a mayor informaci\u00f3n<\/a>).<\/p>\n<p><!--more--><\/p>\n<p>Eugeni Garc\u00eda Moreno obtuvo el grado de Ingeniero de Telecomunicaciones de la Universidad Polit\u00e9cnica de Catalu\u00f1a (UPC) en 1976 y el Ph.D. de la Universit\u00e9 Paul Sabatier de Toulouse (Francia) en 1979. Entre 1980 y 1991 trabaj\u00f3 como Profesor Asociado en el Departamento de Electr\u00f3nica de UPC. En 1991 fue profesor visitante en IMEC (B\u00e9lgica). Desde 1992 es Profesor Titular en el Departamento de F\u00edsica de la Universidad de las Islas Baleares (UIB), liderando el Grupo de Tecnolog\u00eda Electr\u00f3nica. Despu\u00e9s de algunos a\u00f1os, logr\u00f3 implementar t\u00edtulos de grado de Ingenier\u00eda de las Telecomunicaciones en la UIB.<\/p>\n<p>Su investigaci\u00f3n se centr\u00f3 en el modelado de dispositivos semiconductores, el estudio de los efectos de la radiaci\u00f3n en dispositivos semiconductores y circuitos CMOS, el dise\u00f1o de sensores de radiaci\u00f3n y la prueba de circuitos integrados. Eugeni hizo contribuciones muy importantes en estos campos. Desarroll\u00f3 o dirigi\u00f3 el desarrollo de modelos anal\u00edticos y compactos, para dispositivos avanzados de semiconductores, incluyendo algunos de los primeros modelos expl\u00edcitos de DC\/AC para MOSFETs submicrom\u00e9tricos. Se especializ\u00f3 en el estudio e identificaci\u00f3n de efectos de radiaci\u00f3n en dispositivos electr\u00f3nicos y fot\u00f3nicos y circuitos CMOS, desarrollando modelos de dependencia de los par\u00e1metros del dispositivo con dosis de radiaci\u00f3n y, a partir de estos resultados, desarroll\u00f3 varias generaciones de sensores de radiaci\u00f3n integrados en circuitos CMOS. Fue autor o coautor de m\u00e1s de 40 art\u00edculos sobre estos temas.<\/p>\n<p>Eugeni Garc\u00eda Moreno fue miembro de IEEE EDS desde 1991 y miembro senior desde 2004. Tambi\u00e9n fue conferenciante distinguido de IEEE EDS durante algunos a\u00f1os. Fue galardonado con el Doctorado \u201cHonoris Causa\u201d por la Universidad T\u00e9cnica de Cluj-Napoca (Rumania).<\/p>\n<p>Fue un entusiasta investigador y profesor, y muy alentador como supervisor de doctorados. No s\u00f3lo proporcion\u00f3 la supervisi\u00f3n cient\u00edfica a sus estudiantes de Ph.D., sino que tambi\u00e9n los entren\u00f3 en la investigaci\u00f3n y el liderazgo profesional, lo que ha sido muy \u00fatil para sus alumnos. Particip\u00f3 especialmente en el establecimiento de colaboraciones de investigaci\u00f3n y capacitaci\u00f3n con grupos latinoamericanos, y dirigi\u00f3 dos proyectos \u201cAlfa\u201d financiados por la Uni\u00f3n Europea, para la investigaci\u00f3n conjunta entre varios equipos latinoamericanos y europeos.<\/p>\n<p>\u201cSobre todo, Eugeni Garc\u00eda Moreno fue una persona muy amable y agradable, amigo y colega. Lo recordaremos con buenos recuerdos. Nuestra comunidad lo extra\u00f1ar\u00e1 mucho\u201d, destacaron desde la organizaci\u00f3n de la conferencia.<\/p>\n<p><strong>\u00c1reas t\u00e9cnicas de la conferencia<\/strong><\/p>\n<p>Las \u00e1reas de inter\u00e9s incluyen los siguientes temas, aunque no se limitan solamente a ellos:<\/p>\n<ul>\n<li>Solid State Electron Devices (Dispositivos Electr\u00f3nicos en Estado S\u00f3lido)<\/li>\n<li>Circuit Design (Dise\u00f1o de Circuitos)<\/li>\n<li>Digital Signal Processing (Procesamiento de Se\u00f1ales Digitales)<\/li>\n<li>Solid State Circuits (Circuitos de Estado S\u00f3lido)<\/li>\n<li>Power Electronics (Electr\u00f3nica de Potencia)<\/li>\n<li>Telecommunications (Telecomunicaciones)<\/li>\n<li>Instrumentation &amp; Control (Instrumentaci\u00f3n y Control)<\/li>\n<li>Reliability, Testing and Quality (Fiabilidad, Pruebas y Calidad)<\/li>\n<li>Nanoelectronics (Nanoelectr\u00f3nica)<\/li>\n<li>Green Energy (Energ\u00eda Verde)<\/li>\n<li>Electronic Design Automation (Dise\u00f1o electr\u00f3nico automatizado)<\/li>\n<li>Circuits and Systems for IoT (Circuitos y sistemas para el Internet de las Cosas)<\/li>\n<li>Biomedical Engineering (Ingenier\u00eda biom\u00e9dica)<\/li>\n<li>Organic Semiconductors (Semiconductores org\u00e1nicos)<\/li>\n<\/ul>\n<p><strong>Env\u00edo de propuestas de papers<\/strong><\/p>\n<p>Env\u00ede los manuscritos originales y completos, siguiendo el formato de art\u00edculo proporcionado en \u201cInstrucciones para los autores\u201d en la p\u00e1gina web de la conferencia. Todos los art\u00edculos deben ser cargados usando EasyChair, asegur\u00e1ndose de que las palabras clave indiquen el \u00c1rea T\u00e9cnica correspondiente.<\/p>\n<p>Los trabajos ser\u00e1n revisados por el Comit\u00e9 T\u00e9cnico del Programa. Los trabajos aceptados y registrados ser\u00e1n publicados en la Memoria T\u00e9cnica de la Conferencia, que ser\u00e1n distribuidas a todos los participantes. Estos ser\u00e1n distribuidos m\u00e1s tarde en l\u00ednea a trav\u00e9s del Xplore de IEEE.<\/p>\n<p>Debido a m\u00faltiples solicitudes,<strong> se extiende hasta el viernes 14 de abril de 2017 la fecha l\u00edmite para presentar propuestas de art\u00edculos<\/strong> para ICCDCS 2017, la D\u00e9cima Conferencia Internacional del Caribe sobre Dispositivos, Circuitos y Sistemas, que se realizar\u00e1 en homenaje a Eugeni Garc\u00eda, del 5 al 7 de junio de 2017, en Cozumel (M\u00e9xico). Mayor informaci\u00f3n: <a href=\"http:\/\/www.istec.org\/blog-miembros\/wp-content\/uploads\/sites\/9\/2017\/03\/ICCDCS2017-CFP.pdf\">http:\/\/www.istec.org\/blog-miembros\/wp-content\/uploads\/sites\/9\/2017\/03\/ICCDCS2017-CFP.pdf<\/a><\/p>\n<p><strong>FECHAS IMPORTANTES<\/strong><\/p>\n<ul>\n<li>Fecha l\u00edmite de env\u00edo de propuestas de art\u00edculos: 14\u00a0de abril de 2017<\/li>\n<li>Notificaci\u00f3n de aceptaci\u00f3n: 21 de abril de 2017<\/li>\n<li>Camera-ready: 12 de mayo de 2017<\/li>\n<\/ul>\n<p><strong>Localizaci\u00f3n de la conferencia<\/strong><\/p>\n<p>La conferencia se realizar\u00e1 en la isla de Cozumel, en el Hotel Iberostar.<\/p>\n<p>Cozumel es conocida por sus arrecifes, que se puede ver ya sea haciendo snorkel o buceo. Tambi\u00e9n es conocida por su gente amable, que reciben a los turistas con mucha calidez.<\/p>\n<p><strong>Comit\u00e9s:<\/strong><\/p>\n<p>General Chairs:<\/p>\n<ul>\n<li>Roberto Murphy, INAOE, Mexico<\/li>\n<li>Fernando Guarin, Global Foundries, USA<\/li>\n<\/ul>\n<p>Technical Program Chair:<\/p>\n<ul>\n<li>Ricardo Reis, UFRGS, Brazil<\/li>\n<\/ul>\n<p>Local Arrangements Chair:<\/p>\n<ul>\n<li>Gabriela Lopez, INAOE, Mexico<\/li>\n<\/ul>\n<p>&nbsp;<\/p>\n<p><strong>Acceder al PDF de presentaci\u00f3n de\u00a0ICCDCS 2017<\/strong>: <strong><a href=\"http:\/\/www.istec.org\/blog-miembros\/wp-content\/uploads\/sites\/9\/2017\/03\/ICCDCS2017-CFP.pdf\">haga click<\/a><\/strong><\/p>\n<p><strong>M\u00e1s informaci\u00f3n:\u00a0<a href=\"http:\/\/www-elec.inaoep.mx\/iccdcs2017\/\">http:\/\/www-elec.inaoep.mx\/iccdcs2017\/<\/a>\u00a0<\/strong><\/p>\n<p><strong>Consultas:<\/strong> <a href=\"mailto:rmurphy@ieee.org\">rmurphy@ieee.org<\/a><\/p>\n<p>Tel\u00e9fono: +52-222-2663100 ext. 1407<\/p>\n","protected":false},"excerpt":{"rendered":"<p>Del 5 al 7 de junio de 2017 se realizar\u00e1 ICCDCS 2017, la d\u00e9cima edici\u00f3n de la Conferencia Internacional del Caribe sobre Dispositivos, Circuitos y Sistemas, este a\u00f1o dedicada a la memoria de Eugeni Garc\u00eda, Ph.D., un gran contribuyente a la humanidad en el campo de la electr\u00f3nica. Debido a m\u00faltiples solicitudes, se extiende hasta [&hellip;]<\/p>\n","protected":false},"author":2,"featured_media":129,"comment_status":"closed","ping_status":"closed","sticky":false,"template":"","format":"standard","meta":{"footnotes":""},"categories":[23],"tags":[45],"class_list":["post-128","post","type-post","status-publish","format-standard","has-post-thumbnail","hentry","category-noticias-miembros","tag-conferencias"],"yoast_head":"<!-- This site is optimized with the Yoast SEO plugin v27.0 - https:\/\/yoast.com\/product\/yoast-seo-wordpress\/ -->\n<title>Se celebrar\u00e1 en Cozumel la D\u00e9cima Conferencia Internacional del Caribe sobre Dispositivos, Circuitos y Sistemas, en homenaje a Eugeni Garc\u00eda - Blog de los miembros de ISTEC<\/title>\n<meta name=\"robots\" content=\"index, follow, max-snippet:-1, max-image-preview:large, max-video-preview:-1\" \/>\n<link rel=\"canonical\" href=\"https:\/\/www.istec.org\/blog-miembros\/2017\/03\/01\/se-celebrara-en-cozumel-la-decima-conferencia-internacional-del-caribe-sobre-dispositivos-circuitos-y-sistemas-en-homenaje-a-eugeni-garcia\/\" \/>\n<meta property=\"og:locale\" content=\"es_MX\" \/>\n<meta property=\"og:type\" content=\"article\" \/>\n<meta property=\"og:title\" content=\"Se celebrar\u00e1 en Cozumel la D\u00e9cima Conferencia Internacional del Caribe sobre Dispositivos, Circuitos y Sistemas, en homenaje a Eugeni Garc\u00eda - Blog de los miembros de ISTEC\" \/>\n<meta property=\"og:description\" content=\"Del 5 al 7 de junio de 2017 se realizar\u00e1 ICCDCS 2017, la d\u00e9cima edici\u00f3n de la Conferencia Internacional del Caribe sobre Dispositivos, Circuitos y Sistemas, este a\u00f1o dedicada a la memoria de Eugeni Garc\u00eda, Ph.D., un gran contribuyente a la humanidad en el campo de la electr\u00f3nica. Debido a m\u00faltiples solicitudes, se extiende hasta [&hellip;]\" \/>\n<meta property=\"og:url\" content=\"https:\/\/www.istec.org\/blog-miembros\/2017\/03\/01\/se-celebrara-en-cozumel-la-decima-conferencia-internacional-del-caribe-sobre-dispositivos-circuitos-y-sistemas-en-homenaje-a-eugeni-garcia\/\" \/>\n<meta property=\"og:site_name\" content=\"Blog de los miembros de ISTEC\" \/>\n<meta property=\"article:published_time\" content=\"2017-03-01T19:37:59+00:00\" \/>\n<meta property=\"article:modified_time\" content=\"2023-05-24T15:01:26+00:00\" \/>\n<meta property=\"og:image\" content=\"http:\/\/www.istec.org\/blog-miembros\/wp-content\/uploads\/sites\/9\/2017\/03\/ICCDCS-2017-3.jpg\" \/>\n\t<meta property=\"og:image:width\" content=\"300\" \/>\n\t<meta property=\"og:image:height\" content=\"108\" \/>\n\t<meta property=\"og:image:type\" content=\"image\/jpeg\" \/>\n<meta name=\"author\" content=\"ISTEC\" \/>\n<meta name=\"twitter:card\" content=\"summary_large_image\" \/>\n<meta name=\"twitter:label1\" content=\"Escrito por\" \/>\n\t<meta name=\"twitter:data1\" content=\"ISTEC\" \/>\n\t<meta name=\"twitter:label2\" content=\"Tiempo de lectura\" \/>\n\t<meta name=\"twitter:data2\" content=\"5 minutos\" \/>\n<script type=\"application\/ld+json\" class=\"yoast-schema-graph\">{\"@context\":\"https:\/\/schema.org\",\"@graph\":[{\"@type\":\"Article\",\"@id\":\"https:\/\/www.istec.org\/blog-miembros\/2017\/03\/01\/se-celebrara-en-cozumel-la-decima-conferencia-internacional-del-caribe-sobre-dispositivos-circuitos-y-sistemas-en-homenaje-a-eugeni-garcia\/#article\",\"isPartOf\":{\"@id\":\"https:\/\/www.istec.org\/blog-miembros\/2017\/03\/01\/se-celebrara-en-cozumel-la-decima-conferencia-internacional-del-caribe-sobre-dispositivos-circuitos-y-sistemas-en-homenaje-a-eugeni-garcia\/\"},\"author\":{\"name\":\"ISTEC\",\"@id\":\"https:\/\/www.istec.org\/blog-miembros\/#\/schema\/person\/088301c419c9261921f99da1479e1c5b\"},\"headline\":\"Se celebrar\u00e1 en Cozumel la D\u00e9cima Conferencia Internacional del Caribe sobre Dispositivos, Circuitos y Sistemas, en homenaje a Eugeni Garc\u00eda\",\"datePublished\":\"2017-03-01T19:37:59+00:00\",\"dateModified\":\"2023-05-24T15:01:26+00:00\",\"mainEntityOfPage\":{\"@id\":\"https:\/\/www.istec.org\/blog-miembros\/2017\/03\/01\/se-celebrara-en-cozumel-la-decima-conferencia-internacional-del-caribe-sobre-dispositivos-circuitos-y-sistemas-en-homenaje-a-eugeni-garcia\/\"},\"wordCount\":949,\"image\":{\"@id\":\"https:\/\/www.istec.org\/blog-miembros\/2017\/03\/01\/se-celebrara-en-cozumel-la-decima-conferencia-internacional-del-caribe-sobre-dispositivos-circuitos-y-sistemas-en-homenaje-a-eugeni-garcia\/#primaryimage\"},\"thumbnailUrl\":\"https:\/\/www.istec.org\/blog-miembros\/wp-content\/uploads\/sites\/9\/2017\/03\/ICCDCS-2017-3.jpg\",\"keywords\":[\"Conferencias\"],\"articleSection\":[\"Miembros\"],\"inLanguage\":\"es\"},{\"@type\":\"WebPage\",\"@id\":\"https:\/\/www.istec.org\/blog-miembros\/2017\/03\/01\/se-celebrara-en-cozumel-la-decima-conferencia-internacional-del-caribe-sobre-dispositivos-circuitos-y-sistemas-en-homenaje-a-eugeni-garcia\/\",\"url\":\"https:\/\/www.istec.org\/blog-miembros\/2017\/03\/01\/se-celebrara-en-cozumel-la-decima-conferencia-internacional-del-caribe-sobre-dispositivos-circuitos-y-sistemas-en-homenaje-a-eugeni-garcia\/\",\"name\":\"Se celebrar\u00e1 en Cozumel la D\u00e9cima Conferencia Internacional del Caribe sobre Dispositivos, Circuitos y Sistemas, en homenaje a Eugeni Garc\u00eda - Blog de los miembros de ISTEC\",\"isPartOf\":{\"@id\":\"https:\/\/www.istec.org\/blog-miembros\/#website\"},\"primaryImageOfPage\":{\"@id\":\"https:\/\/www.istec.org\/blog-miembros\/2017\/03\/01\/se-celebrara-en-cozumel-la-decima-conferencia-internacional-del-caribe-sobre-dispositivos-circuitos-y-sistemas-en-homenaje-a-eugeni-garcia\/#primaryimage\"},\"image\":{\"@id\":\"https:\/\/www.istec.org\/blog-miembros\/2017\/03\/01\/se-celebrara-en-cozumel-la-decima-conferencia-internacional-del-caribe-sobre-dispositivos-circuitos-y-sistemas-en-homenaje-a-eugeni-garcia\/#primaryimage\"},\"thumbnailUrl\":\"https:\/\/www.istec.org\/blog-miembros\/wp-content\/uploads\/sites\/9\/2017\/03\/ICCDCS-2017-3.jpg\",\"datePublished\":\"2017-03-01T19:37:59+00:00\",\"dateModified\":\"2023-05-24T15:01:26+00:00\",\"author\":{\"@id\":\"https:\/\/www.istec.org\/blog-miembros\/#\/schema\/person\/088301c419c9261921f99da1479e1c5b\"},\"breadcrumb\":{\"@id\":\"https:\/\/www.istec.org\/blog-miembros\/2017\/03\/01\/se-celebrara-en-cozumel-la-decima-conferencia-internacional-del-caribe-sobre-dispositivos-circuitos-y-sistemas-en-homenaje-a-eugeni-garcia\/#breadcrumb\"},\"inLanguage\":\"es\",\"potentialAction\":[{\"@type\":\"ReadAction\",\"target\":[\"https:\/\/www.istec.org\/blog-miembros\/2017\/03\/01\/se-celebrara-en-cozumel-la-decima-conferencia-internacional-del-caribe-sobre-dispositivos-circuitos-y-sistemas-en-homenaje-a-eugeni-garcia\/\"]}]},{\"@type\":\"ImageObject\",\"inLanguage\":\"es\",\"@id\":\"https:\/\/www.istec.org\/blog-miembros\/2017\/03\/01\/se-celebrara-en-cozumel-la-decima-conferencia-internacional-del-caribe-sobre-dispositivos-circuitos-y-sistemas-en-homenaje-a-eugeni-garcia\/#primaryimage\",\"url\":\"https:\/\/www.istec.org\/blog-miembros\/wp-content\/uploads\/sites\/9\/2017\/03\/ICCDCS-2017-3.jpg\",\"contentUrl\":\"https:\/\/www.istec.org\/blog-miembros\/wp-content\/uploads\/sites\/9\/2017\/03\/ICCDCS-2017-3.jpg\",\"width\":300,\"height\":108},{\"@type\":\"BreadcrumbList\",\"@id\":\"https:\/\/www.istec.org\/blog-miembros\/2017\/03\/01\/se-celebrara-en-cozumel-la-decima-conferencia-internacional-del-caribe-sobre-dispositivos-circuitos-y-sistemas-en-homenaje-a-eugeni-garcia\/#breadcrumb\",\"itemListElement\":[{\"@type\":\"ListItem\",\"position\":1,\"name\":\"Portada\",\"item\":\"https:\/\/www.istec.org\/blog-miembros\/\"},{\"@type\":\"ListItem\",\"position\":2,\"name\":\"Se celebrar\u00e1 en Cozumel la D\u00e9cima Conferencia Internacional del Caribe sobre Dispositivos, Circuitos y Sistemas, en homenaje a Eugeni Garc\u00eda\"}]},{\"@type\":\"WebSite\",\"@id\":\"https:\/\/www.istec.org\/blog-miembros\/#website\",\"url\":\"https:\/\/www.istec.org\/blog-miembros\/\",\"name\":\"Blog de los miembros de ISTEC\",\"description\":\"Blog de instituciones miembros de ISTEC\",\"potentialAction\":[{\"@type\":\"SearchAction\",\"target\":{\"@type\":\"EntryPoint\",\"urlTemplate\":\"https:\/\/www.istec.org\/blog-miembros\/?s={search_term_string}\"},\"query-input\":{\"@type\":\"PropertyValueSpecification\",\"valueRequired\":true,\"valueName\":\"search_term_string\"}}],\"inLanguage\":\"es\"},{\"@type\":\"Person\",\"@id\":\"https:\/\/www.istec.org\/blog-miembros\/#\/schema\/person\/088301c419c9261921f99da1479e1c5b\",\"name\":\"ISTEC\",\"image\":{\"@type\":\"ImageObject\",\"inLanguage\":\"es\",\"@id\":\"https:\/\/www.istec.org\/blog-miembros\/#\/schema\/person\/image\/\",\"url\":\"https:\/\/secure.gravatar.com\/avatar\/8e834bf45f131f314bcd3a65cf1280cba6e4b1f0d22fd0d1d0e0a3382857d67a?s=96&d=mm&r=g\",\"contentUrl\":\"https:\/\/secure.gravatar.com\/avatar\/8e834bf45f131f314bcd3a65cf1280cba6e4b1f0d22fd0d1d0e0a3382857d67a?s=96&d=mm&r=g\",\"caption\":\"ISTEC\"},\"url\":\"https:\/\/www.istec.org\/blog-miembros\/author\/nicolas\/\"}]}<\/script>\n<!-- \/ Yoast SEO plugin. -->","yoast_head_json":{"title":"Se celebrar\u00e1 en Cozumel la D\u00e9cima Conferencia Internacional del Caribe sobre Dispositivos, Circuitos y Sistemas, en homenaje a Eugeni Garc\u00eda - Blog de los miembros de ISTEC","robots":{"index":"index","follow":"follow","max-snippet":"max-snippet:-1","max-image-preview":"max-image-preview:large","max-video-preview":"max-video-preview:-1"},"canonical":"https:\/\/www.istec.org\/blog-miembros\/2017\/03\/01\/se-celebrara-en-cozumel-la-decima-conferencia-internacional-del-caribe-sobre-dispositivos-circuitos-y-sistemas-en-homenaje-a-eugeni-garcia\/","og_locale":"es_MX","og_type":"article","og_title":"Se celebrar\u00e1 en Cozumel la D\u00e9cima Conferencia Internacional del Caribe sobre Dispositivos, Circuitos y Sistemas, en homenaje a Eugeni Garc\u00eda - Blog de los miembros de ISTEC","og_description":"Del 5 al 7 de junio de 2017 se realizar\u00e1 ICCDCS 2017, la d\u00e9cima edici\u00f3n de la Conferencia Internacional del Caribe sobre Dispositivos, Circuitos y Sistemas, este a\u00f1o dedicada a la memoria de Eugeni Garc\u00eda, Ph.D., un gran contribuyente a la humanidad en el campo de la electr\u00f3nica. Debido a m\u00faltiples solicitudes, se extiende hasta [&hellip;]","og_url":"https:\/\/www.istec.org\/blog-miembros\/2017\/03\/01\/se-celebrara-en-cozumel-la-decima-conferencia-internacional-del-caribe-sobre-dispositivos-circuitos-y-sistemas-en-homenaje-a-eugeni-garcia\/","og_site_name":"Blog de los miembros de ISTEC","article_published_time":"2017-03-01T19:37:59+00:00","article_modified_time":"2023-05-24T15:01:26+00:00","og_image":[{"width":300,"height":108,"url":"http:\/\/www.istec.org\/blog-miembros\/wp-content\/uploads\/sites\/9\/2017\/03\/ICCDCS-2017-3.jpg","type":"image\/jpeg"}],"author":"ISTEC","twitter_card":"summary_large_image","twitter_misc":{"Escrito por":"ISTEC","Tiempo de lectura":"5 minutos"},"schema":{"@context":"https:\/\/schema.org","@graph":[{"@type":"Article","@id":"https:\/\/www.istec.org\/blog-miembros\/2017\/03\/01\/se-celebrara-en-cozumel-la-decima-conferencia-internacional-del-caribe-sobre-dispositivos-circuitos-y-sistemas-en-homenaje-a-eugeni-garcia\/#article","isPartOf":{"@id":"https:\/\/www.istec.org\/blog-miembros\/2017\/03\/01\/se-celebrara-en-cozumel-la-decima-conferencia-internacional-del-caribe-sobre-dispositivos-circuitos-y-sistemas-en-homenaje-a-eugeni-garcia\/"},"author":{"name":"ISTEC","@id":"https:\/\/www.istec.org\/blog-miembros\/#\/schema\/person\/088301c419c9261921f99da1479e1c5b"},"headline":"Se celebrar\u00e1 en Cozumel la D\u00e9cima Conferencia Internacional del Caribe sobre Dispositivos, Circuitos y Sistemas, en homenaje a Eugeni Garc\u00eda","datePublished":"2017-03-01T19:37:59+00:00","dateModified":"2023-05-24T15:01:26+00:00","mainEntityOfPage":{"@id":"https:\/\/www.istec.org\/blog-miembros\/2017\/03\/01\/se-celebrara-en-cozumel-la-decima-conferencia-internacional-del-caribe-sobre-dispositivos-circuitos-y-sistemas-en-homenaje-a-eugeni-garcia\/"},"wordCount":949,"image":{"@id":"https:\/\/www.istec.org\/blog-miembros\/2017\/03\/01\/se-celebrara-en-cozumel-la-decima-conferencia-internacional-del-caribe-sobre-dispositivos-circuitos-y-sistemas-en-homenaje-a-eugeni-garcia\/#primaryimage"},"thumbnailUrl":"https:\/\/www.istec.org\/blog-miembros\/wp-content\/uploads\/sites\/9\/2017\/03\/ICCDCS-2017-3.jpg","keywords":["Conferencias"],"articleSection":["Miembros"],"inLanguage":"es"},{"@type":"WebPage","@id":"https:\/\/www.istec.org\/blog-miembros\/2017\/03\/01\/se-celebrara-en-cozumel-la-decima-conferencia-internacional-del-caribe-sobre-dispositivos-circuitos-y-sistemas-en-homenaje-a-eugeni-garcia\/","url":"https:\/\/www.istec.org\/blog-miembros\/2017\/03\/01\/se-celebrara-en-cozumel-la-decima-conferencia-internacional-del-caribe-sobre-dispositivos-circuitos-y-sistemas-en-homenaje-a-eugeni-garcia\/","name":"Se celebrar\u00e1 en Cozumel la D\u00e9cima Conferencia Internacional del Caribe sobre Dispositivos, Circuitos y Sistemas, en homenaje a Eugeni Garc\u00eda - Blog de los miembros de ISTEC","isPartOf":{"@id":"https:\/\/www.istec.org\/blog-miembros\/#website"},"primaryImageOfPage":{"@id":"https:\/\/www.istec.org\/blog-miembros\/2017\/03\/01\/se-celebrara-en-cozumel-la-decima-conferencia-internacional-del-caribe-sobre-dispositivos-circuitos-y-sistemas-en-homenaje-a-eugeni-garcia\/#primaryimage"},"image":{"@id":"https:\/\/www.istec.org\/blog-miembros\/2017\/03\/01\/se-celebrara-en-cozumel-la-decima-conferencia-internacional-del-caribe-sobre-dispositivos-circuitos-y-sistemas-en-homenaje-a-eugeni-garcia\/#primaryimage"},"thumbnailUrl":"https:\/\/www.istec.org\/blog-miembros\/wp-content\/uploads\/sites\/9\/2017\/03\/ICCDCS-2017-3.jpg","datePublished":"2017-03-01T19:37:59+00:00","dateModified":"2023-05-24T15:01:26+00:00","author":{"@id":"https:\/\/www.istec.org\/blog-miembros\/#\/schema\/person\/088301c419c9261921f99da1479e1c5b"},"breadcrumb":{"@id":"https:\/\/www.istec.org\/blog-miembros\/2017\/03\/01\/se-celebrara-en-cozumel-la-decima-conferencia-internacional-del-caribe-sobre-dispositivos-circuitos-y-sistemas-en-homenaje-a-eugeni-garcia\/#breadcrumb"},"inLanguage":"es","potentialAction":[{"@type":"ReadAction","target":["https:\/\/www.istec.org\/blog-miembros\/2017\/03\/01\/se-celebrara-en-cozumel-la-decima-conferencia-internacional-del-caribe-sobre-dispositivos-circuitos-y-sistemas-en-homenaje-a-eugeni-garcia\/"]}]},{"@type":"ImageObject","inLanguage":"es","@id":"https:\/\/www.istec.org\/blog-miembros\/2017\/03\/01\/se-celebrara-en-cozumel-la-decima-conferencia-internacional-del-caribe-sobre-dispositivos-circuitos-y-sistemas-en-homenaje-a-eugeni-garcia\/#primaryimage","url":"https:\/\/www.istec.org\/blog-miembros\/wp-content\/uploads\/sites\/9\/2017\/03\/ICCDCS-2017-3.jpg","contentUrl":"https:\/\/www.istec.org\/blog-miembros\/wp-content\/uploads\/sites\/9\/2017\/03\/ICCDCS-2017-3.jpg","width":300,"height":108},{"@type":"BreadcrumbList","@id":"https:\/\/www.istec.org\/blog-miembros\/2017\/03\/01\/se-celebrara-en-cozumel-la-decima-conferencia-internacional-del-caribe-sobre-dispositivos-circuitos-y-sistemas-en-homenaje-a-eugeni-garcia\/#breadcrumb","itemListElement":[{"@type":"ListItem","position":1,"name":"Portada","item":"https:\/\/www.istec.org\/blog-miembros\/"},{"@type":"ListItem","position":2,"name":"Se celebrar\u00e1 en Cozumel la D\u00e9cima Conferencia Internacional del Caribe sobre Dispositivos, Circuitos y Sistemas, en homenaje a Eugeni Garc\u00eda"}]},{"@type":"WebSite","@id":"https:\/\/www.istec.org\/blog-miembros\/#website","url":"https:\/\/www.istec.org\/blog-miembros\/","name":"Blog de los miembros de ISTEC","description":"Blog de instituciones miembros de ISTEC","potentialAction":[{"@type":"SearchAction","target":{"@type":"EntryPoint","urlTemplate":"https:\/\/www.istec.org\/blog-miembros\/?s={search_term_string}"},"query-input":{"@type":"PropertyValueSpecification","valueRequired":true,"valueName":"search_term_string"}}],"inLanguage":"es"},{"@type":"Person","@id":"https:\/\/www.istec.org\/blog-miembros\/#\/schema\/person\/088301c419c9261921f99da1479e1c5b","name":"ISTEC","image":{"@type":"ImageObject","inLanguage":"es","@id":"https:\/\/www.istec.org\/blog-miembros\/#\/schema\/person\/image\/","url":"https:\/\/secure.gravatar.com\/avatar\/8e834bf45f131f314bcd3a65cf1280cba6e4b1f0d22fd0d1d0e0a3382857d67a?s=96&d=mm&r=g","contentUrl":"https:\/\/secure.gravatar.com\/avatar\/8e834bf45f131f314bcd3a65cf1280cba6e4b1f0d22fd0d1d0e0a3382857d67a?s=96&d=mm&r=g","caption":"ISTEC"},"url":"https:\/\/www.istec.org\/blog-miembros\/author\/nicolas\/"}]}},"_links":{"self":[{"href":"https:\/\/www.istec.org\/blog-miembros\/wp-json\/wp\/v2\/posts\/128","targetHints":{"allow":["GET"]}}],"collection":[{"href":"https:\/\/www.istec.org\/blog-miembros\/wp-json\/wp\/v2\/posts"}],"about":[{"href":"https:\/\/www.istec.org\/blog-miembros\/wp-json\/wp\/v2\/types\/post"}],"author":[{"embeddable":true,"href":"https:\/\/www.istec.org\/blog-miembros\/wp-json\/wp\/v2\/users\/2"}],"replies":[{"embeddable":true,"href":"https:\/\/www.istec.org\/blog-miembros\/wp-json\/wp\/v2\/comments?post=128"}],"version-history":[{"count":6,"href":"https:\/\/www.istec.org\/blog-miembros\/wp-json\/wp\/v2\/posts\/128\/revisions"}],"predecessor-version":[{"id":141,"href":"https:\/\/www.istec.org\/blog-miembros\/wp-json\/wp\/v2\/posts\/128\/revisions\/141"}],"wp:featuredmedia":[{"embeddable":true,"href":"https:\/\/www.istec.org\/blog-miembros\/wp-json\/wp\/v2\/media\/129"}],"wp:attachment":[{"href":"https:\/\/www.istec.org\/blog-miembros\/wp-json\/wp\/v2\/media?parent=128"}],"wp:term":[{"taxonomy":"category","embeddable":true,"href":"https:\/\/www.istec.org\/blog-miembros\/wp-json\/wp\/v2\/categories?post=128"},{"taxonomy":"post_tag","embeddable":true,"href":"https:\/\/www.istec.org\/blog-miembros\/wp-json\/wp\/v2\/tags?post=128"}],"curies":[{"name":"wp","href":"https:\/\/api.w.org\/{rel}","templated":true}]}}