{"id":666,"date":"2021-07-14T14:31:45","date_gmt":"2021-07-14T14:31:45","guid":{"rendered":"https:\/\/www.istec.org\/blog-miembros\/?p=666"},"modified":"2021-07-14T14:31:45","modified_gmt":"2021-07-14T14:31:45","slug":"la-universidad-catolica-de-cuenca-nuevo-miembro-academico-de-istec","status":"publish","type":"post","link":"https:\/\/www.istec.org\/blog-miembros\/2021\/07\/14\/la-universidad-catolica-de-cuenca-nuevo-miembro-academico-de-istec\/","title":{"rendered":"La Universidad Cat\u00f3lica de Cuenca, nuevo miembro acad\u00e9mico de ISTEC"},"content":{"rendered":"<p>La prestigiosa\u00a0<a href=\"https:\/\/www.ucacue.edu.ec\/\">Universidad Cat\u00f3lica de Cuenca<\/a> se uni\u00f3 al\u00a0<a href=\"https:\/\/www.istec.org\/\">Consorcio Iberoamericano para la Educaci\u00f3n en Ciencia y Tecnolog\u00eda (ISTEC)<\/a>\u00a0como socio acad\u00e9mico, sum\u00e1ndose a destacadas instituciones educativas de Argentina, Bolivia, Colombia, Costa Rica, Ecuador, El Salvador, Estados Unidos, M\u00e9xico, Uruguay y Venezuela.<\/p>\n<p><!--more--><\/p>\n<p>A partir de su incorporaci\u00f3n, la universidad podr\u00e1 comenzar a participar activamente de las cuatro iniciativas del consorcio: <a href=\"https:\/\/www.istec.org\/liblink\/\">Liblink<\/a>, <a href=\"http:\/\/www.istec.org\/ace\/\">ACE &#8211; Advanced Continium Education<\/a>, <a href=\"http:\/\/www.istec.org\/rd\/\">R&amp;D &#8211; Research and Development<\/a> y <a href=\"http:\/\/www.istec.org\/loslibertadores\/\">Los Libertadores<\/a>, junto a otros beneficios, como la publicaci\u00f3n de sus actividades y novedades en el portal web y redes sociales de ISTEC.<\/p>\n<p>La Universidad Cat\u00f3lica de Cuenca\u00a0 (La Cato) es una instituci\u00f3n de educaci\u00f3n superior ecuatoriana fundada hace 50 a\u00f1os, en septiembre de 1970, por el sacerdote C\u00e9sar Cordero Moscoso, en la ciudad de Cuenca. Posee sedes y extensiones en las provincias del Ca\u00f1ar, Morona Santiago, Napo y Pichincha.<\/p>\n<p>\u200b\u200b\u200b\u201cTenemos una diferencia que nos caracteriza: la calidad humana que se comparte en la Comunidad Cat\u00f3lica hacia el pueblo. Los cambios que hemos dado y lo que los estudiantes han aportado, responden a la colectividad por la confianza depositada en nosotros. El complemento ideal de la superaci\u00f3n y la calidad ha sido la formaci\u00f3n de docentes, autoridades y personal administrativo, siendo una sola familia. El poder es la acci\u00f3n que transforma, que nos convertir\u00e1 en la mejor universidad del austro, trascendiendo a l\u00edmites internacionales\u201d, se\u00f1alan desde la universidad.<\/p>\n<p>La Cato articula la docencia, la investigaci\u00f3n e innovaci\u00f3n y la vinculaci\u00f3n con la sociedad a la demanda acad\u00e9mica, a las necesidades del desarrollo integral, a la diversificaci\u00f3n de profesiones, grados y t\u00edtulos, seg\u00fan el mercado ocupacional, acorde con la estructura productiva y las pol\u00edticas nacionales de ciencia, tecnolog\u00eda, innovaci\u00f3n y saberes ancestrales, como lo establece el Sistema de Educaci\u00f3n Superior.<\/p>\n<p>Obtener mayor informaci\u00f3n sobre la <strong>Universidad Cat\u00f3lica de Cuenca:<\/strong> <a href=\"http:\/\/%20www.ucacue.edu.ec\/la-universidad\/\">\u00a0www.ucacue.edu.ec\/la-universidad\/<\/a><\/p>\n","protected":false},"excerpt":{"rendered":"<p>La prestigiosa\u00a0Universidad Cat\u00f3lica de Cuenca se uni\u00f3 al\u00a0Consorcio Iberoamericano para la Educaci\u00f3n en Ciencia y Tecnolog\u00eda (ISTEC)\u00a0como socio acad\u00e9mico, sum\u00e1ndose a destacadas instituciones educativas de Argentina, Bolivia, Colombia, Costa Rica, Ecuador, El Salvador, Estados Unidos, M\u00e9xico, Uruguay y Venezuela.<\/p>\n","protected":false},"author":2,"featured_media":667,"comment_status":"closed","ping_status":"closed","sticky":false,"template":"","format":"standard","meta":{"footnotes":""},"categories":[23],"tags":[],"class_list":["post-666","post","type-post","status-publish","format-standard","has-post-thumbnail","hentry","category-noticias-miembros"],"yoast_head":"<!-- This site is optimized with the Yoast SEO plugin v27.0 - https:\/\/yoast.com\/product\/yoast-seo-wordpress\/ -->\n<title>La Universidad Cat\u00f3lica de Cuenca, nuevo miembro acad\u00e9mico de ISTEC - Blog de los miembros de ISTEC<\/title>\n<meta name=\"robots\" content=\"index, follow, max-snippet:-1, max-image-preview:large, max-video-preview:-1\" \/>\n<link rel=\"canonical\" href=\"https:\/\/www.istec.org\/blog-miembros\/2021\/07\/14\/la-universidad-catolica-de-cuenca-nuevo-miembro-academico-de-istec\/\" \/>\n<meta property=\"og:locale\" content=\"es_MX\" \/>\n<meta property=\"og:type\" content=\"article\" \/>\n<meta property=\"og:title\" content=\"La Universidad Cat\u00f3lica de Cuenca, nuevo miembro acad\u00e9mico de ISTEC - Blog de los miembros de ISTEC\" \/>\n<meta property=\"og:description\" content=\"La prestigiosa\u00a0Universidad Cat\u00f3lica de Cuenca se uni\u00f3 al\u00a0Consorcio Iberoamericano para la Educaci\u00f3n en Ciencia y Tecnolog\u00eda (ISTEC)\u00a0como socio acad\u00e9mico, sum\u00e1ndose a destacadas instituciones educativas de Argentina, Bolivia, Colombia, Costa Rica, Ecuador, El Salvador, Estados Unidos, M\u00e9xico, Uruguay y Venezuela.\" \/>\n<meta property=\"og:url\" content=\"https:\/\/www.istec.org\/blog-miembros\/2021\/07\/14\/la-universidad-catolica-de-cuenca-nuevo-miembro-academico-de-istec\/\" \/>\n<meta property=\"og:site_name\" content=\"Blog de los miembros de ISTEC\" \/>\n<meta property=\"article:published_time\" content=\"2021-07-14T14:31:45+00:00\" \/>\n<meta property=\"og:image\" content=\"https:\/\/www.istec.org\/blog-miembros\/wp-content\/uploads\/sites\/9\/2021\/07\/LaCato.jpg\" \/>\n\t<meta property=\"og:image:width\" content=\"600\" \/>\n\t<meta property=\"og:image:height\" content=\"193\" \/>\n\t<meta property=\"og:image:type\" content=\"image\/jpeg\" \/>\n<meta name=\"author\" content=\"ISTEC\" \/>\n<meta name=\"twitter:card\" content=\"summary_large_image\" \/>\n<meta name=\"twitter:label1\" content=\"Escrito por\" \/>\n\t<meta name=\"twitter:data1\" content=\"ISTEC\" \/>\n\t<meta name=\"twitter:label2\" content=\"Tiempo de lectura\" \/>\n\t<meta name=\"twitter:data2\" content=\"2 minutos\" \/>\n<script type=\"application\/ld+json\" class=\"yoast-schema-graph\">{\"@context\":\"https:\/\/schema.org\",\"@graph\":[{\"@type\":\"Article\",\"@id\":\"https:\/\/www.istec.org\/blog-miembros\/2021\/07\/14\/la-universidad-catolica-de-cuenca-nuevo-miembro-academico-de-istec\/#article\",\"isPartOf\":{\"@id\":\"https:\/\/www.istec.org\/blog-miembros\/2021\/07\/14\/la-universidad-catolica-de-cuenca-nuevo-miembro-academico-de-istec\/\"},\"author\":{\"name\":\"ISTEC\",\"@id\":\"https:\/\/www.istec.org\/blog-miembros\/#\/schema\/person\/088301c419c9261921f99da1479e1c5b\"},\"headline\":\"La Universidad Cat\u00f3lica de Cuenca, nuevo miembro acad\u00e9mico de ISTEC\",\"datePublished\":\"2021-07-14T14:31:45+00:00\",\"mainEntityOfPage\":{\"@id\":\"https:\/\/www.istec.org\/blog-miembros\/2021\/07\/14\/la-universidad-catolica-de-cuenca-nuevo-miembro-academico-de-istec\/\"},\"wordCount\":350,\"image\":{\"@id\":\"https:\/\/www.istec.org\/blog-miembros\/2021\/07\/14\/la-universidad-catolica-de-cuenca-nuevo-miembro-academico-de-istec\/#primaryimage\"},\"thumbnailUrl\":\"https:\/\/www.istec.org\/blog-miembros\/wp-content\/uploads\/sites\/9\/2021\/07\/LaCato.jpg\",\"articleSection\":[\"Miembros\"],\"inLanguage\":\"es\"},{\"@type\":\"WebPage\",\"@id\":\"https:\/\/www.istec.org\/blog-miembros\/2021\/07\/14\/la-universidad-catolica-de-cuenca-nuevo-miembro-academico-de-istec\/\",\"url\":\"https:\/\/www.istec.org\/blog-miembros\/2021\/07\/14\/la-universidad-catolica-de-cuenca-nuevo-miembro-academico-de-istec\/\",\"name\":\"La Universidad Cat\u00f3lica de Cuenca, nuevo miembro acad\u00e9mico de ISTEC - Blog de los miembros de ISTEC\",\"isPartOf\":{\"@id\":\"https:\/\/www.istec.org\/blog-miembros\/#website\"},\"primaryImageOfPage\":{\"@id\":\"https:\/\/www.istec.org\/blog-miembros\/2021\/07\/14\/la-universidad-catolica-de-cuenca-nuevo-miembro-academico-de-istec\/#primaryimage\"},\"image\":{\"@id\":\"https:\/\/www.istec.org\/blog-miembros\/2021\/07\/14\/la-universidad-catolica-de-cuenca-nuevo-miembro-academico-de-istec\/#primaryimage\"},\"thumbnailUrl\":\"https:\/\/www.istec.org\/blog-miembros\/wp-content\/uploads\/sites\/9\/2021\/07\/LaCato.jpg\",\"datePublished\":\"2021-07-14T14:31:45+00:00\",\"author\":{\"@id\":\"https:\/\/www.istec.org\/blog-miembros\/#\/schema\/person\/088301c419c9261921f99da1479e1c5b\"},\"breadcrumb\":{\"@id\":\"https:\/\/www.istec.org\/blog-miembros\/2021\/07\/14\/la-universidad-catolica-de-cuenca-nuevo-miembro-academico-de-istec\/#breadcrumb\"},\"inLanguage\":\"es\",\"potentialAction\":[{\"@type\":\"ReadAction\",\"target\":[\"https:\/\/www.istec.org\/blog-miembros\/2021\/07\/14\/la-universidad-catolica-de-cuenca-nuevo-miembro-academico-de-istec\/\"]}]},{\"@type\":\"ImageObject\",\"inLanguage\":\"es\",\"@id\":\"https:\/\/www.istec.org\/blog-miembros\/2021\/07\/14\/la-universidad-catolica-de-cuenca-nuevo-miembro-academico-de-istec\/#primaryimage\",\"url\":\"https:\/\/www.istec.org\/blog-miembros\/wp-content\/uploads\/sites\/9\/2021\/07\/LaCato.jpg\",\"contentUrl\":\"https:\/\/www.istec.org\/blog-miembros\/wp-content\/uploads\/sites\/9\/2021\/07\/LaCato.jpg\",\"width\":600,\"height\":193},{\"@type\":\"BreadcrumbList\",\"@id\":\"https:\/\/www.istec.org\/blog-miembros\/2021\/07\/14\/la-universidad-catolica-de-cuenca-nuevo-miembro-academico-de-istec\/#breadcrumb\",\"itemListElement\":[{\"@type\":\"ListItem\",\"position\":1,\"name\":\"Portada\",\"item\":\"https:\/\/www.istec.org\/blog-miembros\/\"},{\"@type\":\"ListItem\",\"position\":2,\"name\":\"La Universidad Cat\u00f3lica de Cuenca, nuevo miembro acad\u00e9mico de ISTEC\"}]},{\"@type\":\"WebSite\",\"@id\":\"https:\/\/www.istec.org\/blog-miembros\/#website\",\"url\":\"https:\/\/www.istec.org\/blog-miembros\/\",\"name\":\"Blog de los miembros de ISTEC\",\"description\":\"Blog de instituciones miembros de ISTEC\",\"potentialAction\":[{\"@type\":\"SearchAction\",\"target\":{\"@type\":\"EntryPoint\",\"urlTemplate\":\"https:\/\/www.istec.org\/blog-miembros\/?s={search_term_string}\"},\"query-input\":{\"@type\":\"PropertyValueSpecification\",\"valueRequired\":true,\"valueName\":\"search_term_string\"}}],\"inLanguage\":\"es\"},{\"@type\":\"Person\",\"@id\":\"https:\/\/www.istec.org\/blog-miembros\/#\/schema\/person\/088301c419c9261921f99da1479e1c5b\",\"name\":\"ISTEC\",\"image\":{\"@type\":\"ImageObject\",\"inLanguage\":\"es\",\"@id\":\"https:\/\/www.istec.org\/blog-miembros\/#\/schema\/person\/image\/\",\"url\":\"https:\/\/secure.gravatar.com\/avatar\/8e834bf45f131f314bcd3a65cf1280cba6e4b1f0d22fd0d1d0e0a3382857d67a?s=96&d=mm&r=g\",\"contentUrl\":\"https:\/\/secure.gravatar.com\/avatar\/8e834bf45f131f314bcd3a65cf1280cba6e4b1f0d22fd0d1d0e0a3382857d67a?s=96&d=mm&r=g\",\"caption\":\"ISTEC\"},\"url\":\"https:\/\/www.istec.org\/blog-miembros\/author\/nicolas\/\"}]}<\/script>\n<!-- \/ Yoast SEO plugin. -->","yoast_head_json":{"title":"La Universidad Cat\u00f3lica de Cuenca, nuevo miembro acad\u00e9mico de ISTEC - Blog de los miembros de ISTEC","robots":{"index":"index","follow":"follow","max-snippet":"max-snippet:-1","max-image-preview":"max-image-preview:large","max-video-preview":"max-video-preview:-1"},"canonical":"https:\/\/www.istec.org\/blog-miembros\/2021\/07\/14\/la-universidad-catolica-de-cuenca-nuevo-miembro-academico-de-istec\/","og_locale":"es_MX","og_type":"article","og_title":"La Universidad Cat\u00f3lica de Cuenca, nuevo miembro acad\u00e9mico de ISTEC - Blog de los miembros de ISTEC","og_description":"La prestigiosa\u00a0Universidad Cat\u00f3lica de Cuenca se uni\u00f3 al\u00a0Consorcio Iberoamericano para la Educaci\u00f3n en Ciencia y Tecnolog\u00eda (ISTEC)\u00a0como socio acad\u00e9mico, sum\u00e1ndose a destacadas instituciones educativas de Argentina, Bolivia, Colombia, Costa Rica, Ecuador, El Salvador, Estados Unidos, M\u00e9xico, Uruguay y Venezuela.","og_url":"https:\/\/www.istec.org\/blog-miembros\/2021\/07\/14\/la-universidad-catolica-de-cuenca-nuevo-miembro-academico-de-istec\/","og_site_name":"Blog de los miembros de ISTEC","article_published_time":"2021-07-14T14:31:45+00:00","og_image":[{"width":600,"height":193,"url":"https:\/\/www.istec.org\/blog-miembros\/wp-content\/uploads\/sites\/9\/2021\/07\/LaCato.jpg","type":"image\/jpeg"}],"author":"ISTEC","twitter_card":"summary_large_image","twitter_misc":{"Escrito por":"ISTEC","Tiempo de lectura":"2 minutos"},"schema":{"@context":"https:\/\/schema.org","@graph":[{"@type":"Article","@id":"https:\/\/www.istec.org\/blog-miembros\/2021\/07\/14\/la-universidad-catolica-de-cuenca-nuevo-miembro-academico-de-istec\/#article","isPartOf":{"@id":"https:\/\/www.istec.org\/blog-miembros\/2021\/07\/14\/la-universidad-catolica-de-cuenca-nuevo-miembro-academico-de-istec\/"},"author":{"name":"ISTEC","@id":"https:\/\/www.istec.org\/blog-miembros\/#\/schema\/person\/088301c419c9261921f99da1479e1c5b"},"headline":"La Universidad Cat\u00f3lica de Cuenca, nuevo miembro acad\u00e9mico de ISTEC","datePublished":"2021-07-14T14:31:45+00:00","mainEntityOfPage":{"@id":"https:\/\/www.istec.org\/blog-miembros\/2021\/07\/14\/la-universidad-catolica-de-cuenca-nuevo-miembro-academico-de-istec\/"},"wordCount":350,"image":{"@id":"https:\/\/www.istec.org\/blog-miembros\/2021\/07\/14\/la-universidad-catolica-de-cuenca-nuevo-miembro-academico-de-istec\/#primaryimage"},"thumbnailUrl":"https:\/\/www.istec.org\/blog-miembros\/wp-content\/uploads\/sites\/9\/2021\/07\/LaCato.jpg","articleSection":["Miembros"],"inLanguage":"es"},{"@type":"WebPage","@id":"https:\/\/www.istec.org\/blog-miembros\/2021\/07\/14\/la-universidad-catolica-de-cuenca-nuevo-miembro-academico-de-istec\/","url":"https:\/\/www.istec.org\/blog-miembros\/2021\/07\/14\/la-universidad-catolica-de-cuenca-nuevo-miembro-academico-de-istec\/","name":"La Universidad Cat\u00f3lica de Cuenca, nuevo miembro acad\u00e9mico de ISTEC - Blog de los miembros de ISTEC","isPartOf":{"@id":"https:\/\/www.istec.org\/blog-miembros\/#website"},"primaryImageOfPage":{"@id":"https:\/\/www.istec.org\/blog-miembros\/2021\/07\/14\/la-universidad-catolica-de-cuenca-nuevo-miembro-academico-de-istec\/#primaryimage"},"image":{"@id":"https:\/\/www.istec.org\/blog-miembros\/2021\/07\/14\/la-universidad-catolica-de-cuenca-nuevo-miembro-academico-de-istec\/#primaryimage"},"thumbnailUrl":"https:\/\/www.istec.org\/blog-miembros\/wp-content\/uploads\/sites\/9\/2021\/07\/LaCato.jpg","datePublished":"2021-07-14T14:31:45+00:00","author":{"@id":"https:\/\/www.istec.org\/blog-miembros\/#\/schema\/person\/088301c419c9261921f99da1479e1c5b"},"breadcrumb":{"@id":"https:\/\/www.istec.org\/blog-miembros\/2021\/07\/14\/la-universidad-catolica-de-cuenca-nuevo-miembro-academico-de-istec\/#breadcrumb"},"inLanguage":"es","potentialAction":[{"@type":"ReadAction","target":["https:\/\/www.istec.org\/blog-miembros\/2021\/07\/14\/la-universidad-catolica-de-cuenca-nuevo-miembro-academico-de-istec\/"]}]},{"@type":"ImageObject","inLanguage":"es","@id":"https:\/\/www.istec.org\/blog-miembros\/2021\/07\/14\/la-universidad-catolica-de-cuenca-nuevo-miembro-academico-de-istec\/#primaryimage","url":"https:\/\/www.istec.org\/blog-miembros\/wp-content\/uploads\/sites\/9\/2021\/07\/LaCato.jpg","contentUrl":"https:\/\/www.istec.org\/blog-miembros\/wp-content\/uploads\/sites\/9\/2021\/07\/LaCato.jpg","width":600,"height":193},{"@type":"BreadcrumbList","@id":"https:\/\/www.istec.org\/blog-miembros\/2021\/07\/14\/la-universidad-catolica-de-cuenca-nuevo-miembro-academico-de-istec\/#breadcrumb","itemListElement":[{"@type":"ListItem","position":1,"name":"Portada","item":"https:\/\/www.istec.org\/blog-miembros\/"},{"@type":"ListItem","position":2,"name":"La Universidad Cat\u00f3lica de Cuenca, nuevo miembro acad\u00e9mico de ISTEC"}]},{"@type":"WebSite","@id":"https:\/\/www.istec.org\/blog-miembros\/#website","url":"https:\/\/www.istec.org\/blog-miembros\/","name":"Blog de los miembros de ISTEC","description":"Blog de instituciones miembros de ISTEC","potentialAction":[{"@type":"SearchAction","target":{"@type":"EntryPoint","urlTemplate":"https:\/\/www.istec.org\/blog-miembros\/?s={search_term_string}"},"query-input":{"@type":"PropertyValueSpecification","valueRequired":true,"valueName":"search_term_string"}}],"inLanguage":"es"},{"@type":"Person","@id":"https:\/\/www.istec.org\/blog-miembros\/#\/schema\/person\/088301c419c9261921f99da1479e1c5b","name":"ISTEC","image":{"@type":"ImageObject","inLanguage":"es","@id":"https:\/\/www.istec.org\/blog-miembros\/#\/schema\/person\/image\/","url":"https:\/\/secure.gravatar.com\/avatar\/8e834bf45f131f314bcd3a65cf1280cba6e4b1f0d22fd0d1d0e0a3382857d67a?s=96&d=mm&r=g","contentUrl":"https:\/\/secure.gravatar.com\/avatar\/8e834bf45f131f314bcd3a65cf1280cba6e4b1f0d22fd0d1d0e0a3382857d67a?s=96&d=mm&r=g","caption":"ISTEC"},"url":"https:\/\/www.istec.org\/blog-miembros\/author\/nicolas\/"}]}},"_links":{"self":[{"href":"https:\/\/www.istec.org\/blog-miembros\/wp-json\/wp\/v2\/posts\/666","targetHints":{"allow":["GET"]}}],"collection":[{"href":"https:\/\/www.istec.org\/blog-miembros\/wp-json\/wp\/v2\/posts"}],"about":[{"href":"https:\/\/www.istec.org\/blog-miembros\/wp-json\/wp\/v2\/types\/post"}],"author":[{"embeddable":true,"href":"https:\/\/www.istec.org\/blog-miembros\/wp-json\/wp\/v2\/users\/2"}],"replies":[{"embeddable":true,"href":"https:\/\/www.istec.org\/blog-miembros\/wp-json\/wp\/v2\/comments?post=666"}],"version-history":[{"count":1,"href":"https:\/\/www.istec.org\/blog-miembros\/wp-json\/wp\/v2\/posts\/666\/revisions"}],"predecessor-version":[{"id":668,"href":"https:\/\/www.istec.org\/blog-miembros\/wp-json\/wp\/v2\/posts\/666\/revisions\/668"}],"wp:featuredmedia":[{"embeddable":true,"href":"https:\/\/www.istec.org\/blog-miembros\/wp-json\/wp\/v2\/media\/667"}],"wp:attachment":[{"href":"https:\/\/www.istec.org\/blog-miembros\/wp-json\/wp\/v2\/media?parent=666"}],"wp:term":[{"taxonomy":"category","embeddable":true,"href":"https:\/\/www.istec.org\/blog-miembros\/wp-json\/wp\/v2\/categories?post=666"},{"taxonomy":"post_tag","embeddable":true,"href":"https:\/\/www.istec.org\/blog-miembros\/wp-json\/wp\/v2\/tags?post=666"}],"curies":[{"name":"wp","href":"https:\/\/api.w.org\/{rel}","templated":true}]}}