{"id":38,"date":"2013-10-31T20:54:35","date_gmt":"2013-10-31T20:54:35","guid":{"rendered":"http:\/\/www.istec.org\/istecblog\/?p=38"},"modified":"2016-04-20T20:09:42","modified_gmt":"2016-04-20T20:09:42","slug":"istec-compartio-adelantos-cientificos-y-tecnologicos-en-el-area-de-bibliotecas-y-repositorios-digitales","status":"publish","type":"post","link":"https:\/\/www.istec.org\/istecblog\/2013\/10\/31\/istec-compartio-adelantos-cientificos-y-tecnologicos-en-el-area-de-bibliotecas-y-repositorios-digitales\/","title":{"rendered":"ISTEC comparti\u00f3 adelantos cient\u00edficos y tecnol\u00f3gicos en el \u00e1rea de Bibliotecas y Repositorios Digitales"},"content":{"rendered":"<p>\u201cLos nuevos modos de publicaci\u00f3n, traen consigo nuevos retos a la hora de considerar la gesti\u00f3n de derechos de autor, lo que conlleva un aprendizaje conjunto de los distintos actores. La academia se adue\u00f1a de sus datos y produce con ello nuevos indicadores y empuja cambios en la evaluaci\u00f3n cient\u00edfica\u201d, se\u00f1al\u00f3 <strong>Marisa De Giusti, directora del proyecto LibLink del Consorcio Iberoamericano para la Educaci\u00f3n en Ciencia y Tecnolog\u00eda (ISTEC <a href=\"http:\/\/www.istec.org\/es\/\">http:\/\/www.istec.org\/es\/<\/a>),<\/strong> en el marco de la <strong><a class=\"aga aga_1 external external_icon\" href=\"http:\/\/biredial2013.ucr.ac.cr\/index.php\/Biredial2013\/ai\" target=\"_blank\">III Conferencia Bibliotecas y Repositorios Digitales de Am\u00e9rica Latina (BIREDIAL)<\/a><\/strong> y del <strong>VIII Simposio Internacional de Bibliotecas Digitales (SIBD)<\/strong>, celebrado en octubre de 2013 en la <strong>Universidad de Costa Rica<\/strong>.<\/p>\n<p><!--more--><\/p>\n<p>\u201cEl BIREDIAL fue planteado desde sus inicios como un espacio latinoamericano de encuentro para compartir los adelantos cient\u00edficos y tecnol\u00f3gicos en el \u00e1rea de Bibliotecas y Repositorios Digitales. Del mismo modo el SIBD tiene una larga historia en ISTEC y fue concebido para canalizar las experiencias en bibliotecas digitales de las m\u00e1s de 100 instituciones de educaci\u00f3n superior de la regi\u00f3n iberoamericana que integran el ISTEC y que trabajan en la iniciativa Liblink dedicada a realizar desarrollos y brindar servicios en el \u00e1rea de la informaci\u00f3n digital\u201d, agreg\u00f3 De Giusti, destacando que hace dos a\u00f1os estos dos eventos se han reunido, integrando esfuerzos y capacidades, y consolidando en 2013 una edici\u00f3n dedicada a \u201cAcceso abierto, preservaci\u00f3n digital y datos cient\u00edficos\u201d.<\/p>\n<p>\u201cLo que buscamos mostrar es el enorme potencial que tiene el acceso abierto y el nuevo rol de las instituciones acad\u00e9micas, un rol de compromiso con la sociedad a la hora de difundir la informaci\u00f3n, la cultura y el conocimiento cient\u00edfico\u201d, enfatiz\u00f3 la directora del proyecto LibLink.<\/p>\n<p><img decoding=\"async\" src=\"http:\/\/www.istec.org\/istecblog\/wp-content\/uploads\/sites\/8\/2013\/10\/costarica08-150x130.jpg\" alt=\"costarica08\" width=\"150\" height=\"130\" class=\"alignleft size-thumbnail wp-image-235\" \/>Marisa De Giusti tambi\u00e9n explic\u00f3 que los repositorios -por su propia definici\u00f3n y capacidad tecnol\u00f3gica- se han constituido en archivos para la preservaci\u00f3n del patrimonio cultural de las instituciones y los pa\u00edses. De hecho durante el evento celebrado en Costa Rica se habl\u00f3 de preservaci\u00f3n digital y los desaf\u00edos que presenta: pol\u00edticos, de derechos y de implementaci\u00f3n. As\u00ed mismo, se presentaron experiencias de preservaci\u00f3n digital en entornos distribuidos, e incluso una red para preservaci\u00f3n del patrimonio sonoro y audiovisual iberoamericano.<\/p>\n<p>La directora de LibLink se refiri\u00f3 al ISTEC, como una organizaci\u00f3n internacional sin fines de lucro, compuesta por m\u00e1s de 100 instituciones educativas, de investigaci\u00f3n, agencias gubernamentales, industria y organismos multilaterales en Am\u00e9rica y la Pen\u00ednsula Ib\u00e9rica. En particular, destac\u00f3 la misi\u00f3n de ISTEC de promover el desarrollo socio-econ\u00f3mico en Iberoam\u00e9rica, respondiendo a sus necesidades, a trav\u00e9s de la ejecuci\u00f3n de programas orientados a:<\/p>\n<ul>\n<li>mejorar la educaci\u00f3n y promover la cultura de la calidad,<\/li>\n<li>generar y diseminar conocimiento e informaci\u00f3n,<\/li>\n<li>establecer mecanismos efectivos para la transferencia de tecnolog\u00eda,<\/li>\n<li>promover la investigaci\u00f3n y desarrollo de proyectos conjuntos a nivel internacional y,<\/li>\n<li>establecer un ambiente propicio para el emprendimiento.<\/li>\n<\/ul>\n","protected":false},"excerpt":{"rendered":"<p>\u201cLos nuevos modos de publicaci\u00f3n, traen consigo nuevos retos a la hora de considerar la gesti\u00f3n de derechos de autor, lo que conlleva un aprendizaje conjunto de los distintos actores. La academia se adue\u00f1a de sus datos y produce con ello nuevos indicadores y empuja cambios en la evaluaci\u00f3n cient\u00edfica\u201d, se\u00f1al\u00f3 Marisa De Giusti, directora [&hellip;]<\/p>\n","protected":false},"author":2,"featured_media":234,"comment_status":"closed","ping_status":"closed","sticky":false,"template":"","format":"standard","meta":{"footnotes":""},"categories":[3],"tags":[65,67,69,4,68,66],"class_list":["post-38","post","type-post","status-publish","format-standard","has-post-thumbnail","hentry","category-noticias-istec","tag-adelantos-cientificos","tag-bibliotecas","tag-digitales","tag-istec","tag-repositorios","tag-tecnologicos"],"yoast_head":"<!-- This site is optimized with the Yoast SEO plugin v27.0 - https:\/\/yoast.com\/product\/yoast-seo-wordpress\/ -->\n<title>ISTEC comparti\u00f3 adelantos cient\u00edficos y tecnol\u00f3gicos en el \u00e1rea de Bibliotecas y Repositorios Digitales - Blog ISTEC<\/title>\n<meta name=\"robots\" content=\"index, follow, max-snippet:-1, max-image-preview:large, max-video-preview:-1\" \/>\n<link rel=\"canonical\" href=\"https:\/\/www.istec.org\/istecblog\/2013\/10\/31\/istec-compartio-adelantos-cientificos-y-tecnologicos-en-el-area-de-bibliotecas-y-repositorios-digitales\/\" \/>\n<meta property=\"og:locale\" content=\"es_ES\" \/>\n<meta property=\"og:type\" content=\"article\" \/>\n<meta property=\"og:title\" content=\"ISTEC comparti\u00f3 adelantos cient\u00edficos y tecnol\u00f3gicos en el \u00e1rea de Bibliotecas y Repositorios Digitales - Blog ISTEC\" \/>\n<meta property=\"og:description\" content=\"\u201cLos nuevos modos de publicaci\u00f3n, traen consigo nuevos retos a la hora de considerar la gesti\u00f3n de derechos de autor, lo que conlleva un aprendizaje conjunto de los distintos actores. La academia se adue\u00f1a de sus datos y produce con ello nuevos indicadores y empuja cambios en la evaluaci\u00f3n cient\u00edfica\u201d, se\u00f1al\u00f3 Marisa De Giusti, directora [&hellip;]\" \/>\n<meta property=\"og:url\" content=\"https:\/\/www.istec.org\/istecblog\/2013\/10\/31\/istec-compartio-adelantos-cientificos-y-tecnologicos-en-el-area-de-bibliotecas-y-repositorios-digitales\/\" \/>\n<meta property=\"og:site_name\" content=\"Blog ISTEC\" \/>\n<meta property=\"article:published_time\" content=\"2013-10-31T20:54:35+00:00\" \/>\n<meta property=\"article:modified_time\" content=\"2016-04-20T20:09:42+00:00\" \/>\n<meta property=\"og:image\" content=\"https:\/\/www.istec.org\/istecblog\/wp-content\/uploads\/sites\/8\/2013\/10\/costarica06.jpg\" \/>\n\t<meta property=\"og:image:width\" content=\"275\" \/>\n\t<meta property=\"og:image:height\" content=\"271\" \/>\n\t<meta property=\"og:image:type\" content=\"image\/jpeg\" \/>\n<meta name=\"author\" content=\"ISTEC\" \/>\n<meta name=\"twitter:card\" content=\"summary_large_image\" \/>\n<meta name=\"twitter:label1\" content=\"Escrito por\" \/>\n\t<meta name=\"twitter:data1\" content=\"ISTEC\" \/>\n\t<meta name=\"twitter:label2\" content=\"Tiempo de lectura\" \/>\n\t<meta name=\"twitter:data2\" content=\"3 minutos\" \/>\n<script type=\"application\/ld+json\" class=\"yoast-schema-graph\">{\"@context\":\"https:\/\/schema.org\",\"@graph\":[{\"@type\":\"Article\",\"@id\":\"https:\/\/www.istec.org\/istecblog\/2013\/10\/31\/istec-compartio-adelantos-cientificos-y-tecnologicos-en-el-area-de-bibliotecas-y-repositorios-digitales\/#article\",\"isPartOf\":{\"@id\":\"https:\/\/www.istec.org\/istecblog\/2013\/10\/31\/istec-compartio-adelantos-cientificos-y-tecnologicos-en-el-area-de-bibliotecas-y-repositorios-digitales\/\"},\"author\":{\"name\":\"ISTEC\",\"@id\":\"https:\/\/www.istec.org\/istecblog\/#\/schema\/person\/088301c419c9261921f99da1479e1c5b\"},\"headline\":\"ISTEC comparti\u00f3 adelantos cient\u00edficos y tecnol\u00f3gicos en el \u00e1rea de Bibliotecas y Repositorios Digitales\",\"datePublished\":\"2013-10-31T20:54:35+00:00\",\"dateModified\":\"2016-04-20T20:09:42+00:00\",\"mainEntityOfPage\":{\"@id\":\"https:\/\/www.istec.org\/istecblog\/2013\/10\/31\/istec-compartio-adelantos-cientificos-y-tecnologicos-en-el-area-de-bibliotecas-y-repositorios-digitales\/\"},\"wordCount\":523,\"image\":{\"@id\":\"https:\/\/www.istec.org\/istecblog\/2013\/10\/31\/istec-compartio-adelantos-cientificos-y-tecnologicos-en-el-area-de-bibliotecas-y-repositorios-digitales\/#primaryimage\"},\"thumbnailUrl\":\"https:\/\/www.istec.org\/istecblog\/wp-content\/uploads\/sites\/8\/2013\/10\/costarica06.jpg\",\"keywords\":[\"adelantos cient\u00edficos\",\"Bibliotecas\",\"Digitales\",\"istec\",\"Repositorios\",\"tecnol\u00f3gicos\"],\"articleSection\":[\"Noticias\"],\"inLanguage\":\"es\"},{\"@type\":\"WebPage\",\"@id\":\"https:\/\/www.istec.org\/istecblog\/2013\/10\/31\/istec-compartio-adelantos-cientificos-y-tecnologicos-en-el-area-de-bibliotecas-y-repositorios-digitales\/\",\"url\":\"https:\/\/www.istec.org\/istecblog\/2013\/10\/31\/istec-compartio-adelantos-cientificos-y-tecnologicos-en-el-area-de-bibliotecas-y-repositorios-digitales\/\",\"name\":\"ISTEC comparti\u00f3 adelantos cient\u00edficos y tecnol\u00f3gicos en el \u00e1rea de Bibliotecas y Repositorios Digitales - Blog ISTEC\",\"isPartOf\":{\"@id\":\"https:\/\/www.istec.org\/istecblog\/#website\"},\"primaryImageOfPage\":{\"@id\":\"https:\/\/www.istec.org\/istecblog\/2013\/10\/31\/istec-compartio-adelantos-cientificos-y-tecnologicos-en-el-area-de-bibliotecas-y-repositorios-digitales\/#primaryimage\"},\"image\":{\"@id\":\"https:\/\/www.istec.org\/istecblog\/2013\/10\/31\/istec-compartio-adelantos-cientificos-y-tecnologicos-en-el-area-de-bibliotecas-y-repositorios-digitales\/#primaryimage\"},\"thumbnailUrl\":\"https:\/\/www.istec.org\/istecblog\/wp-content\/uploads\/sites\/8\/2013\/10\/costarica06.jpg\",\"datePublished\":\"2013-10-31T20:54:35+00:00\",\"dateModified\":\"2016-04-20T20:09:42+00:00\",\"author\":{\"@id\":\"https:\/\/www.istec.org\/istecblog\/#\/schema\/person\/088301c419c9261921f99da1479e1c5b\"},\"breadcrumb\":{\"@id\":\"https:\/\/www.istec.org\/istecblog\/2013\/10\/31\/istec-compartio-adelantos-cientificos-y-tecnologicos-en-el-area-de-bibliotecas-y-repositorios-digitales\/#breadcrumb\"},\"inLanguage\":\"es\",\"potentialAction\":[{\"@type\":\"ReadAction\",\"target\":[\"https:\/\/www.istec.org\/istecblog\/2013\/10\/31\/istec-compartio-adelantos-cientificos-y-tecnologicos-en-el-area-de-bibliotecas-y-repositorios-digitales\/\"]}]},{\"@type\":\"ImageObject\",\"inLanguage\":\"es\",\"@id\":\"https:\/\/www.istec.org\/istecblog\/2013\/10\/31\/istec-compartio-adelantos-cientificos-y-tecnologicos-en-el-area-de-bibliotecas-y-repositorios-digitales\/#primaryimage\",\"url\":\"https:\/\/www.istec.org\/istecblog\/wp-content\/uploads\/sites\/8\/2013\/10\/costarica06.jpg\",\"contentUrl\":\"https:\/\/www.istec.org\/istecblog\/wp-content\/uploads\/sites\/8\/2013\/10\/costarica06.jpg\",\"width\":275,\"height\":271},{\"@type\":\"BreadcrumbList\",\"@id\":\"https:\/\/www.istec.org\/istecblog\/2013\/10\/31\/istec-compartio-adelantos-cientificos-y-tecnologicos-en-el-area-de-bibliotecas-y-repositorios-digitales\/#breadcrumb\",\"itemListElement\":[{\"@type\":\"ListItem\",\"position\":1,\"name\":\"Portada\",\"item\":\"https:\/\/www.istec.org\/istecblog\/\"},{\"@type\":\"ListItem\",\"position\":2,\"name\":\"ISTEC comparti\u00f3 adelantos cient\u00edficos y tecnol\u00f3gicos en el \u00e1rea de Bibliotecas y Repositorios Digitales\"}]},{\"@type\":\"WebSite\",\"@id\":\"https:\/\/www.istec.org\/istecblog\/#website\",\"url\":\"https:\/\/www.istec.org\/istecblog\/\",\"name\":\"Blog ISTEC\",\"description\":\"Just another Ibero-American Science and Technology Education Consortium (ISTEC) site\",\"potentialAction\":[{\"@type\":\"SearchAction\",\"target\":{\"@type\":\"EntryPoint\",\"urlTemplate\":\"https:\/\/www.istec.org\/istecblog\/?s={search_term_string}\"},\"query-input\":{\"@type\":\"PropertyValueSpecification\",\"valueRequired\":true,\"valueName\":\"search_term_string\"}}],\"inLanguage\":\"es\"},{\"@type\":\"Person\",\"@id\":\"https:\/\/www.istec.org\/istecblog\/#\/schema\/person\/088301c419c9261921f99da1479e1c5b\",\"name\":\"ISTEC\",\"image\":{\"@type\":\"ImageObject\",\"inLanguage\":\"es\",\"@id\":\"https:\/\/www.istec.org\/istecblog\/#\/schema\/person\/image\/\",\"url\":\"https:\/\/secure.gravatar.com\/avatar\/8e834bf45f131f314bcd3a65cf1280cba6e4b1f0d22fd0d1d0e0a3382857d67a?s=96&d=mm&r=g\",\"contentUrl\":\"https:\/\/secure.gravatar.com\/avatar\/8e834bf45f131f314bcd3a65cf1280cba6e4b1f0d22fd0d1d0e0a3382857d67a?s=96&d=mm&r=g\",\"caption\":\"ISTEC\"},\"url\":\"https:\/\/www.istec.org\/istecblog\/author\/nicolas\/\"}]}<\/script>\n<!-- \/ Yoast SEO plugin. -->","yoast_head_json":{"title":"ISTEC comparti\u00f3 adelantos cient\u00edficos y tecnol\u00f3gicos en el \u00e1rea de Bibliotecas y Repositorios Digitales - Blog ISTEC","robots":{"index":"index","follow":"follow","max-snippet":"max-snippet:-1","max-image-preview":"max-image-preview:large","max-video-preview":"max-video-preview:-1"},"canonical":"https:\/\/www.istec.org\/istecblog\/2013\/10\/31\/istec-compartio-adelantos-cientificos-y-tecnologicos-en-el-area-de-bibliotecas-y-repositorios-digitales\/","og_locale":"es_ES","og_type":"article","og_title":"ISTEC comparti\u00f3 adelantos cient\u00edficos y tecnol\u00f3gicos en el \u00e1rea de Bibliotecas y Repositorios Digitales - Blog ISTEC","og_description":"\u201cLos nuevos modos de publicaci\u00f3n, traen consigo nuevos retos a la hora de considerar la gesti\u00f3n de derechos de autor, lo que conlleva un aprendizaje conjunto de los distintos actores. La academia se adue\u00f1a de sus datos y produce con ello nuevos indicadores y empuja cambios en la evaluaci\u00f3n cient\u00edfica\u201d, se\u00f1al\u00f3 Marisa De Giusti, directora [&hellip;]","og_url":"https:\/\/www.istec.org\/istecblog\/2013\/10\/31\/istec-compartio-adelantos-cientificos-y-tecnologicos-en-el-area-de-bibliotecas-y-repositorios-digitales\/","og_site_name":"Blog ISTEC","article_published_time":"2013-10-31T20:54:35+00:00","article_modified_time":"2016-04-20T20:09:42+00:00","og_image":[{"width":275,"height":271,"url":"https:\/\/www.istec.org\/istecblog\/wp-content\/uploads\/sites\/8\/2013\/10\/costarica06.jpg","type":"image\/jpeg"}],"author":"ISTEC","twitter_card":"summary_large_image","twitter_misc":{"Escrito por":"ISTEC","Tiempo de lectura":"3 minutos"},"schema":{"@context":"https:\/\/schema.org","@graph":[{"@type":"Article","@id":"https:\/\/www.istec.org\/istecblog\/2013\/10\/31\/istec-compartio-adelantos-cientificos-y-tecnologicos-en-el-area-de-bibliotecas-y-repositorios-digitales\/#article","isPartOf":{"@id":"https:\/\/www.istec.org\/istecblog\/2013\/10\/31\/istec-compartio-adelantos-cientificos-y-tecnologicos-en-el-area-de-bibliotecas-y-repositorios-digitales\/"},"author":{"name":"ISTEC","@id":"https:\/\/www.istec.org\/istecblog\/#\/schema\/person\/088301c419c9261921f99da1479e1c5b"},"headline":"ISTEC comparti\u00f3 adelantos cient\u00edficos y tecnol\u00f3gicos en el \u00e1rea de Bibliotecas y Repositorios Digitales","datePublished":"2013-10-31T20:54:35+00:00","dateModified":"2016-04-20T20:09:42+00:00","mainEntityOfPage":{"@id":"https:\/\/www.istec.org\/istecblog\/2013\/10\/31\/istec-compartio-adelantos-cientificos-y-tecnologicos-en-el-area-de-bibliotecas-y-repositorios-digitales\/"},"wordCount":523,"image":{"@id":"https:\/\/www.istec.org\/istecblog\/2013\/10\/31\/istec-compartio-adelantos-cientificos-y-tecnologicos-en-el-area-de-bibliotecas-y-repositorios-digitales\/#primaryimage"},"thumbnailUrl":"https:\/\/www.istec.org\/istecblog\/wp-content\/uploads\/sites\/8\/2013\/10\/costarica06.jpg","keywords":["adelantos cient\u00edficos","Bibliotecas","Digitales","istec","Repositorios","tecnol\u00f3gicos"],"articleSection":["Noticias"],"inLanguage":"es"},{"@type":"WebPage","@id":"https:\/\/www.istec.org\/istecblog\/2013\/10\/31\/istec-compartio-adelantos-cientificos-y-tecnologicos-en-el-area-de-bibliotecas-y-repositorios-digitales\/","url":"https:\/\/www.istec.org\/istecblog\/2013\/10\/31\/istec-compartio-adelantos-cientificos-y-tecnologicos-en-el-area-de-bibliotecas-y-repositorios-digitales\/","name":"ISTEC comparti\u00f3 adelantos cient\u00edficos y tecnol\u00f3gicos en el \u00e1rea de Bibliotecas y Repositorios Digitales - Blog ISTEC","isPartOf":{"@id":"https:\/\/www.istec.org\/istecblog\/#website"},"primaryImageOfPage":{"@id":"https:\/\/www.istec.org\/istecblog\/2013\/10\/31\/istec-compartio-adelantos-cientificos-y-tecnologicos-en-el-area-de-bibliotecas-y-repositorios-digitales\/#primaryimage"},"image":{"@id":"https:\/\/www.istec.org\/istecblog\/2013\/10\/31\/istec-compartio-adelantos-cientificos-y-tecnologicos-en-el-area-de-bibliotecas-y-repositorios-digitales\/#primaryimage"},"thumbnailUrl":"https:\/\/www.istec.org\/istecblog\/wp-content\/uploads\/sites\/8\/2013\/10\/costarica06.jpg","datePublished":"2013-10-31T20:54:35+00:00","dateModified":"2016-04-20T20:09:42+00:00","author":{"@id":"https:\/\/www.istec.org\/istecblog\/#\/schema\/person\/088301c419c9261921f99da1479e1c5b"},"breadcrumb":{"@id":"https:\/\/www.istec.org\/istecblog\/2013\/10\/31\/istec-compartio-adelantos-cientificos-y-tecnologicos-en-el-area-de-bibliotecas-y-repositorios-digitales\/#breadcrumb"},"inLanguage":"es","potentialAction":[{"@type":"ReadAction","target":["https:\/\/www.istec.org\/istecblog\/2013\/10\/31\/istec-compartio-adelantos-cientificos-y-tecnologicos-en-el-area-de-bibliotecas-y-repositorios-digitales\/"]}]},{"@type":"ImageObject","inLanguage":"es","@id":"https:\/\/www.istec.org\/istecblog\/2013\/10\/31\/istec-compartio-adelantos-cientificos-y-tecnologicos-en-el-area-de-bibliotecas-y-repositorios-digitales\/#primaryimage","url":"https:\/\/www.istec.org\/istecblog\/wp-content\/uploads\/sites\/8\/2013\/10\/costarica06.jpg","contentUrl":"https:\/\/www.istec.org\/istecblog\/wp-content\/uploads\/sites\/8\/2013\/10\/costarica06.jpg","width":275,"height":271},{"@type":"BreadcrumbList","@id":"https:\/\/www.istec.org\/istecblog\/2013\/10\/31\/istec-compartio-adelantos-cientificos-y-tecnologicos-en-el-area-de-bibliotecas-y-repositorios-digitales\/#breadcrumb","itemListElement":[{"@type":"ListItem","position":1,"name":"Portada","item":"https:\/\/www.istec.org\/istecblog\/"},{"@type":"ListItem","position":2,"name":"ISTEC comparti\u00f3 adelantos cient\u00edficos y tecnol\u00f3gicos en el \u00e1rea de Bibliotecas y Repositorios Digitales"}]},{"@type":"WebSite","@id":"https:\/\/www.istec.org\/istecblog\/#website","url":"https:\/\/www.istec.org\/istecblog\/","name":"Blog ISTEC","description":"Just another Ibero-American Science and Technology Education Consortium (ISTEC) site","potentialAction":[{"@type":"SearchAction","target":{"@type":"EntryPoint","urlTemplate":"https:\/\/www.istec.org\/istecblog\/?s={search_term_string}"},"query-input":{"@type":"PropertyValueSpecification","valueRequired":true,"valueName":"search_term_string"}}],"inLanguage":"es"},{"@type":"Person","@id":"https:\/\/www.istec.org\/istecblog\/#\/schema\/person\/088301c419c9261921f99da1479e1c5b","name":"ISTEC","image":{"@type":"ImageObject","inLanguage":"es","@id":"https:\/\/www.istec.org\/istecblog\/#\/schema\/person\/image\/","url":"https:\/\/secure.gravatar.com\/avatar\/8e834bf45f131f314bcd3a65cf1280cba6e4b1f0d22fd0d1d0e0a3382857d67a?s=96&d=mm&r=g","contentUrl":"https:\/\/secure.gravatar.com\/avatar\/8e834bf45f131f314bcd3a65cf1280cba6e4b1f0d22fd0d1d0e0a3382857d67a?s=96&d=mm&r=g","caption":"ISTEC"},"url":"https:\/\/www.istec.org\/istecblog\/author\/nicolas\/"}]}},"_links":{"self":[{"href":"https:\/\/www.istec.org\/istecblog\/wp-json\/wp\/v2\/posts\/38","targetHints":{"allow":["GET"]}}],"collection":[{"href":"https:\/\/www.istec.org\/istecblog\/wp-json\/wp\/v2\/posts"}],"about":[{"href":"https:\/\/www.istec.org\/istecblog\/wp-json\/wp\/v2\/types\/post"}],"author":[{"embeddable":true,"href":"https:\/\/www.istec.org\/istecblog\/wp-json\/wp\/v2\/users\/2"}],"replies":[{"embeddable":true,"href":"https:\/\/www.istec.org\/istecblog\/wp-json\/wp\/v2\/comments?post=38"}],"version-history":[{"count":4,"href":"https:\/\/www.istec.org\/istecblog\/wp-json\/wp\/v2\/posts\/38\/revisions"}],"predecessor-version":[{"id":243,"href":"https:\/\/www.istec.org\/istecblog\/wp-json\/wp\/v2\/posts\/38\/revisions\/243"}],"wp:featuredmedia":[{"embeddable":true,"href":"https:\/\/www.istec.org\/istecblog\/wp-json\/wp\/v2\/media\/234"}],"wp:attachment":[{"href":"https:\/\/www.istec.org\/istecblog\/wp-json\/wp\/v2\/media?parent=38"}],"wp:term":[{"taxonomy":"category","embeddable":true,"href":"https:\/\/www.istec.org\/istecblog\/wp-json\/wp\/v2\/categories?post=38"},{"taxonomy":"post_tag","embeddable":true,"href":"https:\/\/www.istec.org\/istecblog\/wp-json\/wp\/v2\/tags?post=38"}],"curies":[{"name":"wp","href":"https:\/\/api.w.org\/{rel}","templated":true}]}}